{"id":819,"date":"2024-08-02T13:00:08","date_gmt":"2024-08-02T13:00:08","guid":{"rendered":"https:\/\/www.dominikuvpokrok.cz\/?p=819"},"modified":"2024-08-08T21:07:17","modified_gmt":"2024-08-08T21:07:17","slug":"spolecne-postavime-domcu-na-nohy","status":"publish","type":"post","link":"https:\/\/www.dominikuvpokrok.cz\/index.php\/2024\/08\/02\/spolecne-postavime-domcu-na-nohy\/","title":{"rendered":"Spole\u010dn\u011b postav\u00edme Dom\u010du na nohy!"},"content":{"rendered":"\n<figure class=\"wp-block-image size-full\"><a href=\"https:\/\/donio.cz\/spolecne-postavime-domcu-na-nohy\"><img loading=\"lazy\" width=\"940\" height=\"627\" src=\"https:\/\/www.dominikuvpokrok.cz\/wp-content\/uploads\/2024\/08\/Bez-nazvu-940-x-627-px.jpg\" alt=\"\" class=\"wp-image-900\" srcset=\"https:\/\/www.dominikuvpokrok.cz\/wp-content\/uploads\/2024\/08\/Bez-nazvu-940-x-627-px.jpg 940w, https:\/\/www.dominikuvpokrok.cz\/wp-content\/uploads\/2024\/08\/Bez-nazvu-940-x-627-px-300x200.jpg 300w, https:\/\/www.dominikuvpokrok.cz\/wp-content\/uploads\/2024\/08\/Bez-nazvu-940-x-627-px-768x512.jpg 768w\" sizes=\"(max-width: 940px) 100vw, 940px\" \/><\/a><\/figure>\n\n\n\n<p>Ahoj Kamar\u00e1di, jak v\u0161ichni v\u00edte, pro Domini\u010dka jsou ort\u00e9zy od mali\u010dka nezbytnou sou\u010d\u00e1st\u00ed \u017eivota. Minul\u00fd rok jsme si nechali vyrobit ort\u00e9zy u Rakousk\u00e9 firmy Pohlig a uk\u00e1zaly se jako nej\u00fa\u010dinn\u011bj\u0161\u00ed. Dom\u010da n\u00e1m z nich te\u010f ale vyrostl a my pot\u0159ebujeme nechat vyrobit nov\u00e9. Po\u0159izovac\u00ed cena nov\u00fdch ort\u00e9z je 165 000 K\u010d. Ano i pro n\u00e1s je to \u0161\u00edlen\u00e1 cena. Ale kdy\u017e si polo\u017e\u00edme ot\u00e1zku, co bychom dali za to, m\u00edt zdrav\u00e9 nohy? Pro Domini\u010dka je to moment\u00e1ln\u011b 165 000 K\u010d za to, \u017ee se na nohy m\u016f\u017ee postavit. Rozhodli jsme se bojovat a toto k tomu bohu\u017eel pat\u0159\u00ed. Abychom nemuseli ru\u0161it n\u011bkter\u00e9 ji\u017e nasmlouvan\u00e9 rehabilitace, pros\u00edme v\u00e1s o pomoc<img loading=\"lazy\" height=\"16\" width=\"16\" src=\"https:\/\/static.xx.fbcdn.net\/images\/emoji.php\/v9\/t80\/1\/16\/1f64f.png\" alt=\"\ud83d\ude4f\"> Zalo\u017eili jsme pro Dom\u010du sb\u00edrku, abychom to v\u0161echno zvl\u00e1dli<img loading=\"lazy\" height=\"16\" width=\"16\" src=\"https:\/\/static.xx.fbcdn.net\/images\/emoji.php\/v9\/t6c\/1\/16\/2764.png\" alt=\"\u2764\ufe0f\"> Pros\u00edme v\u00e1s moc o sd\u00edlen\u00ed, aby se sb\u00edrka dostala co nejv\u00edce do sv\u011bta a kdo bude cht\u00edt pomoct, aby v\u011bd\u011bl jak. Pokud v\u00edte i o n\u011bjak\u00fdch firm\u00e1ch, budeme r\u00e1di kdy\u017e je oslov\u00edte. V\u0161e je transparentn\u00ed a je mo\u017enost vystavit potvrzen\u00ed o daru. Za jakoukoliv pomoc a sd\u00edlen\u00ed moc d\u011bkujeme <img loading=\"lazy\" height=\"16\" width=\"16\" src=\"https:\/\/static.xx.fbcdn.net\/images\/emoji.php\/v9\/t6c\/1\/16\/2764.png\" alt=\"\u2764\ufe0f\"><img loading=\"lazy\" height=\"16\" width=\"16\" src=\"https:\/\/static.xx.fbcdn.net\/images\/emoji.php\/v9\/t6c\/1\/16\/2764.png\" alt=\"\u2764\ufe0f\"><img loading=\"lazy\" height=\"16\" width=\"16\" src=\"https:\/\/static.xx.fbcdn.net\/images\/emoji.php\/v9\/t6c\/1\/16\/2764.png\" alt=\"\u2764\ufe0f\"><\/p>\n\n\n\n<p><a href=\"https:\/\/donio.cz\/spolecne-postavime-domcu-na-nohy\">Spole\u010dn\u011b postav\u00edme Dom\u010du na nohy! | Donio<\/a><\/p>\n\n\n\n<p><a href=\"https:\/\/www.facebook.com\/dominikuvpokrok.cz\">(3) Facebook<\/a> &#8211; Dominikuv po-krok<\/p>\n\n\n\n<p><a href=\"https:\/\/www.instagram.com\/dominikuv_po_krok\/\">Dominik (@dominikuv_po_krok) \u2022 Fotky a videa na Instagramu<\/a><\/p>\n\n\n\n<p><\/p>\n\n\n\n<p><\/p>\n","protected":false},"excerpt":{"rendered":"<p>Ahoj Kamar\u00e1di, jak v\u0161ichni v\u00edte, pro Domini\u010dka jsou ort\u00e9zy od mali\u010dka nezbytnou sou\u010d\u00e1st\u00ed \u017eivota. Minul\u00fd rok jsme si nechali vyrobit ort\u00e9zy u Rakousk\u00e9 firmy Pohlig a uk\u00e1zaly se jako nej\u00fa\u010dinn\u011bj\u0161\u00ed. Dom\u010da n\u00e1m z nich te\u010f ale vyrostl a my pot\u0159ebujeme nechat vyrobit nov\u00e9. Po\u0159izovac\u00ed cena nov\u00fdch ort\u00e9z je 165 000 K\u010d. Ano i pro n\u00e1s je to \u0161\u00edlen\u00e1 cena. Ale kdy\u017e si polo\u017e\u00edme ot\u00e1zku, co bychom dali za to, m\u00edt zdrav\u00e9 nohy? Pro Domini\u010dka je to moment\u00e1ln\u011b 165 000 K\u010d za to, \u017ee se na nohy m\u016f\u017ee postavit. Rozhodli jsme se bojovat a toto k tomu bohu\u017eel pat\u0159\u00ed. Abychom nemuseli ru\u0161it n\u011bkter\u00e9 ji\u017e nasmlouvan\u00e9 rehabilitace, pros\u00edme v\u00e1s o pomoc Zalo\u017eili jsme pro Dom\u010du sb\u00edrku, abychom to v\u0161echno zvl\u00e1dli Pros\u00edme v\u00e1s moc o sd\u00edlen\u00ed, aby se sb\u00edrka dostala co nejv\u00edce do sv\u011bta a kdo bude cht\u00edt pomoct, aby v\u011bd\u011bl jak. Pokud v\u00edte i o n\u011bjak\u00fdch firm\u00e1ch, budeme r\u00e1di kdy\u017e je oslov\u00edte. V\u0161e je transparentn\u00ed a je mo\u017enost vystavit potvrzen\u00ed o daru. Za jakoukoliv pomoc a sd\u00edlen\u00ed moc d\u011bkujeme Spole\u010dn\u011b postav\u00edme Dom\u010du na nohy! | Donio (3) Facebook &#8211; Dominikuv po-krok Dominik (@dominikuv_po_krok) \u2022 Fotky a videa na Instagramu<\/p>\n","protected":false},"author":1,"featured_media":904,"comment_status":"closed","ping_status":"closed","sticky":false,"template":"","format":"standard","meta":[],"categories":[1],"tags":[],"_links":{"self":[{"href":"https:\/\/www.dominikuvpokrok.cz\/index.php\/wp-json\/wp\/v2\/posts\/819"}],"collection":[{"href":"https:\/\/www.dominikuvpokrok.cz\/index.php\/wp-json\/wp\/v2\/posts"}],"about":[{"href":"https:\/\/www.dominikuvpokrok.cz\/index.php\/wp-json\/wp\/v2\/types\/post"}],"author":[{"embeddable":true,"href":"https:\/\/www.dominikuvpokrok.cz\/index.php\/wp-json\/wp\/v2\/users\/1"}],"replies":[{"embeddable":true,"href":"https:\/\/www.dominikuvpokrok.cz\/index.php\/wp-json\/wp\/v2\/comments?post=819"}],"version-history":[{"count":3,"href":"https:\/\/www.dominikuvpokrok.cz\/index.php\/wp-json\/wp\/v2\/posts\/819\/revisions"}],"predecessor-version":[{"id":902,"href":"https:\/\/www.dominikuvpokrok.cz\/index.php\/wp-json\/wp\/v2\/posts\/819\/revisions\/902"}],"wp:featuredmedia":[{"embeddable":true,"href":"https:\/\/www.dominikuvpokrok.cz\/index.php\/wp-json\/wp\/v2\/media\/904"}],"wp:attachment":[{"href":"https:\/\/www.dominikuvpokrok.cz\/index.php\/wp-json\/wp\/v2\/media?parent=819"}],"wp:term":[{"taxonomy":"category","embeddable":true,"href":"https:\/\/www.dominikuvpokrok.cz\/index.php\/wp-json\/wp\/v2\/categories?post=819"},{"taxonomy":"post_tag","embeddable":true,"href":"https:\/\/www.dominikuvpokrok.cz\/index.php\/wp-json\/wp\/v2\/tags?post=819"}],"curies":[{"name":"wp","href":"https:\/\/api.w.org\/{rel}","templated":true}]}}