{"id":576,"date":"2022-07-19T21:19:20","date_gmt":"2022-07-19T21:19:20","guid":{"rendered":"https:\/\/www.dominikuvpokrok.cz\/?p=576"},"modified":"2022-07-19T21:22:15","modified_gmt":"2022-07-19T21:22:15","slug":"festival-den-pro-me-cerven-2022","status":"publish","type":"post","link":"https:\/\/www.dominikuvpokrok.cz\/index.php\/2022\/07\/19\/festival-den-pro-me-cerven-2022\/","title":{"rendered":"Festival Den pro M\u011b \u010derven 2022"},"content":{"rendered":"\n<p>Letos se konal druh\u00fd ro\u010dn\u00edk festivalu Den pro M\u011b a my jsme moc r\u00e1di, \u017ee jsme mohli b\u00fdt jeho sou\u010d\u00e1st\u00ed. I letos byl v\u00fdt\u011b\u017eek z tomboly v\u011bnovan\u00fd na\u0161emu Domini\u010dkovi na rehabilitace. Vybrala se n\u00e1dhern\u00e1 \u010d\u00e1stka 6391 K\u010d, v\u0161em moc d\u011bkujeme. Velk\u00e9 D\u011aKUJEME pat\u0159\u00ed pan\u00ed \u0160\u0165astn\u00e9, kter\u00e1 n\u00e1m i letos dala tu mo\u017enost a oslovila n\u00e1s. Festival byl \u00fa\u017easn\u00fd a ur\u010dit\u011b doporu\u010dujeme nav\u0161t\u00edvit dal\u0161\u00ed ro\u010dn\u00edk \ud83d\ude42<\/p>\n\n\n\n<figure class=\"wp-block-gallery has-nested-images columns-default is-cropped\">\n<figure class=\"wp-block-image size-large\"><img loading=\"lazy\" width=\"1024\" height=\"683\" data-id=\"579\"  src=\"https:\/\/www.dominikuvpokrok.cz\/wp-content\/uploads\/2022\/07\/289898234_138552105496752_489897495927078502_n-1024x683.jpg\" alt=\"\" class=\"wp-image-579\" srcset=\"https:\/\/www.dominikuvpokrok.cz\/wp-content\/uploads\/2022\/07\/289898234_138552105496752_489897495927078502_n-1024x683.jpg 1024w, https:\/\/www.dominikuvpokrok.cz\/wp-content\/uploads\/2022\/07\/289898234_138552105496752_489897495927078502_n-300x200.jpg 300w, https:\/\/www.dominikuvpokrok.cz\/wp-content\/uploads\/2022\/07\/289898234_138552105496752_489897495927078502_n-768x512.jpg 768w, https:\/\/www.dominikuvpokrok.cz\/wp-content\/uploads\/2022\/07\/289898234_138552105496752_489897495927078502_n-1536x1024.jpg 1536w, https:\/\/www.dominikuvpokrok.cz\/wp-content\/uploads\/2022\/07\/289898234_138552105496752_489897495927078502_n.jpg 2048w\" sizes=\"(max-width: 1024px) 100vw, 1024px\" \/><\/figure>\n\n\n\n<figure class=\"wp-block-image size-large\"><img loading=\"lazy\" width=\"1024\" height=\"683\" data-id=\"580\"  src=\"https:\/\/www.dominikuvpokrok.cz\/wp-content\/uploads\/2022\/07\/289869182_138552038830092_1504813127304923114_n-1024x683.jpg\" alt=\"\" class=\"wp-image-580\" srcset=\"https:\/\/www.dominikuvpokrok.cz\/wp-content\/uploads\/2022\/07\/289869182_138552038830092_1504813127304923114_n-1024x683.jpg 1024w, https:\/\/www.dominikuvpokrok.cz\/wp-content\/uploads\/2022\/07\/289869182_138552038830092_1504813127304923114_n-300x200.jpg 300w, https:\/\/www.dominikuvpokrok.cz\/wp-content\/uploads\/2022\/07\/289869182_138552038830092_1504813127304923114_n-768x512.jpg 768w, https:\/\/www.dominikuvpokrok.cz\/wp-content\/uploads\/2022\/07\/289869182_138552038830092_1504813127304923114_n-1536x1024.jpg 1536w, https:\/\/www.dominikuvpokrok.cz\/wp-content\/uploads\/2022\/07\/289869182_138552038830092_1504813127304923114_n.jpg 2048w\" sizes=\"(max-width: 1024px) 100vw, 1024px\" \/><\/figure>\n\n\n\n<figure class=\"wp-block-image size-large\"><img loading=\"lazy\" width=\"550\" height=\"777\" data-id=\"578\"  src=\"https:\/\/www.dominikuvpokrok.cz\/wp-content\/uploads\/2022\/07\/282148062_131345612884068_2702384241887402363_n.png\" alt=\"\" class=\"wp-image-578\" srcset=\"https:\/\/www.dominikuvpokrok.cz\/wp-content\/uploads\/2022\/07\/282148062_131345612884068_2702384241887402363_n.png 550w, https:\/\/www.dominikuvpokrok.cz\/wp-content\/uploads\/2022\/07\/282148062_131345612884068_2702384241887402363_n-212x300.png 212w\" sizes=\"(max-width: 550px) 100vw, 550px\" \/><\/figure>\n\n\n\n<figure class=\"wp-block-image size-large\"><img loading=\"lazy\" width=\"576\" height=\"1024\" data-id=\"577\"  src=\"https:\/\/www.dominikuvpokrok.cz\/wp-content\/uploads\/2022\/07\/285860479_134967765855186_4505933118228109354_n-576x1024.jpg\" alt=\"\" class=\"wp-image-577\" srcset=\"https:\/\/www.dominikuvpokrok.cz\/wp-content\/uploads\/2022\/07\/285860479_134967765855186_4505933118228109354_n-576x1024.jpg 576w, https:\/\/www.dominikuvpokrok.cz\/wp-content\/uploads\/2022\/07\/285860479_134967765855186_4505933118228109354_n-169x300.jpg 169w, https:\/\/www.dominikuvpokrok.cz\/wp-content\/uploads\/2022\/07\/285860479_134967765855186_4505933118228109354_n-768x1365.jpg 768w, https:\/\/www.dominikuvpokrok.cz\/wp-content\/uploads\/2022\/07\/285860479_134967765855186_4505933118228109354_n-864x1536.jpg 864w, https:\/\/www.dominikuvpokrok.cz\/wp-content\/uploads\/2022\/07\/285860479_134967765855186_4505933118228109354_n.jpg 1152w\" sizes=\"(max-width: 576px) 100vw, 576px\" \/><\/figure>\n<\/figure>\n","protected":false},"excerpt":{"rendered":"<p>Letos se konal druh\u00fd ro\u010dn\u00edk festivalu Den pro M\u011b a my jsme moc r\u00e1di, \u017ee jsme mohli b\u00fdt jeho sou\u010d\u00e1st\u00ed. I letos byl v\u00fdt\u011b\u017eek z tomboly v\u011bnovan\u00fd na\u0161emu Domini\u010dkovi na rehabilitace. Vybrala se n\u00e1dhern\u00e1 \u010d\u00e1stka 6391 K\u010d, v\u0161em moc d\u011bkujeme. Velk\u00e9 D\u011aKUJEME pat\u0159\u00ed pan\u00ed \u0160\u0165astn\u00e9, kter\u00e1 n\u00e1m i letos dala tu mo\u017enost a oslovila n\u00e1s. Festival byl \u00fa\u017easn\u00fd a ur\u010dit\u011b doporu\u010dujeme nav\u0161t\u00edvit dal\u0161\u00ed ro\u010dn\u00edk \ud83d\ude42<\/p>\n","protected":false},"author":1,"featured_media":578,"comment_status":"closed","ping_status":"closed","sticky":false,"template":"","format":"standard","meta":[],"categories":[1],"tags":[],"_links":{"self":[{"href":"https:\/\/www.dominikuvpokrok.cz\/index.php\/wp-json\/wp\/v2\/posts\/576"}],"collection":[{"href":"https:\/\/www.dominikuvpokrok.cz\/index.php\/wp-json\/wp\/v2\/posts"}],"about":[{"href":"https:\/\/www.dominikuvpokrok.cz\/index.php\/wp-json\/wp\/v2\/types\/post"}],"author":[{"embeddable":true,"href":"https:\/\/www.dominikuvpokrok.cz\/index.php\/wp-json\/wp\/v2\/users\/1"}],"replies":[{"embeddable":true,"href":"https:\/\/www.dominikuvpokrok.cz\/index.php\/wp-json\/wp\/v2\/comments?post=576"}],"version-history":[{"count":2,"href":"https:\/\/www.dominikuvpokrok.cz\/index.php\/wp-json\/wp\/v2\/posts\/576\/revisions"}],"predecessor-version":[{"id":583,"href":"https:\/\/www.dominikuvpokrok.cz\/index.php\/wp-json\/wp\/v2\/posts\/576\/revisions\/583"}],"wp:featuredmedia":[{"embeddable":true,"href":"https:\/\/www.dominikuvpokrok.cz\/index.php\/wp-json\/wp\/v2\/media\/578"}],"wp:attachment":[{"href":"https:\/\/www.dominikuvpokrok.cz\/index.php\/wp-json\/wp\/v2\/media?parent=576"}],"wp:term":[{"taxonomy":"category","embeddable":true,"href":"https:\/\/www.dominikuvpokrok.cz\/index.php\/wp-json\/wp\/v2\/categories?post=576"},{"taxonomy":"post_tag","embeddable":true,"href":"https:\/\/www.dominikuvpokrok.cz\/index.php\/wp-json\/wp\/v2\/tags?post=576"}],"curies":[{"name":"wp","href":"https:\/\/api.w.org\/{rel}","templated":true}]}}