{"id":501,"date":"2022-03-08T22:41:52","date_gmt":"2022-03-08T22:41:52","guid":{"rendered":"https:\/\/www.dominikuvpokrok.cz\/?p=501"},"modified":"2022-03-08T22:44:29","modified_gmt":"2022-03-08T22:44:29","slug":"porad-nova-nadeje-pribeh-dominika-vavrika","status":"publish","type":"post","link":"https:\/\/www.dominikuvpokrok.cz\/index.php\/2022\/03\/08\/porad-nova-nadeje-pribeh-dominika-vavrika\/","title":{"rendered":"Po\u0159ad Nov\u00e1 Nad\u011bje &#8211; p\u0159\u00edb\u011bh Dominika Vav\u0159\u00edka"},"content":{"rendered":"\n<p>Pod\u00edvejte se na sedmn\u00e1ct\u00fd d\u00edl po\u0159adu Nov\u00e1 nad\u011bje, kter\u00fd je v\u011bnovan\u00fd Domini\u010dkovi<\/p>\n\n\n\n<figure class=\"wp-block-embed is-type-video is-provider-youtube wp-block-embed-youtube wp-embed-aspect-16-9 wp-has-aspect-ratio\"><div class=\"wp-block-embed__wrapper\">\n<iframe loading=\"lazy\" title=\"Nov\u00e1 nad\u011bje - P\u0159\u00edb\u011bh sedmn\u00e1ct\u00fd: Dominik Vav\u0159\u00edk\" width=\"960\" height=\"540\" src=\"https:\/\/www.youtube.com\/embed\/wnE25IcfYaY?feature=oembed\" frameborder=\"0\" allow=\"accelerometer; autoplay; clipboard-write; encrypted-media; gyroscope; picture-in-picture; web-share\" referrerpolicy=\"strict-origin-when-cross-origin\" allowfullscreen><\/iframe>\n<\/div><\/figure>\n\n\n\n<p>Domini\u010dek, krom\u011b cvi\u010den\u00ed doma, nav\u0161t\u011bvuje pravideln\u011b rehabilitace a terapie kter\u00e9, nehrad\u00ed zdravotn\u00ed poji\u0161\u0165ovny a ob\u010das je pot\u0159eba po\u0159\u00eddit zdravotn\u00ed nebo rehabilita\u010dn\u00ed pom\u016fcky. V roce 2022 n\u00e1s \u010dek\u00e1 14 denn\u00ed rehabilitace v rehabilita\u010dn\u00edm centru Axis v Pie\u0161\u0165anech, kter\u00e1 bude st\u00e1t p\u0159ibli\u017en\u011b 86 000,-. 3\u00d7 n\u00e1s \u010dek\u00e1 t\u00fddenn\u00ed hiporehabilita\u010dn\u00ed pobyt na Mir\u00e1klu, na kter\u00fd jezd\u00edme pravideln\u011b u\u017e t\u0159et\u00edm rokem a neuv\u011b\u0159iteln\u011b mu pom\u00e1h\u00e1. Cena jednoho t\u00fddne je 12 000,-. D\u00e1le n\u00e1s \u010dek\u00e1 pobyt v l\u00e1zn\u00edch v Klimkovic\u00edch, kde dopl\u00e1c\u00edme rehamotion program na 4 t\u00fddny za 22 000,- a logopedii lekci za 600,-. 2\u00d7 t\u00fddn\u011b jezd\u00edme na neurorehabilitace s fyzioterapeutem a 2\u00d7 k tomu je napl\u00e1novan\u00e1 intenzivn\u00ed rehabilitace po 14 dnech, toto je spo\u010d\u00edt\u00e1no na 112 000,-.A dal\u0161\u00ed terapie, kter\u00e9 nav\u0161t\u011bvujeme pravideln\u011b jako kraniosakr\u00e1ln\u00ed terapie, logopedie a dal\u0161\u00ed. D\u00edky tomu se Dom\u010d\u016fv stav st\u00e1le zlep\u0161uje a d\u00e1v\u00e1 mu to \u0161anci jednou se postavit na vlastn\u00ed nohy. Ro\u010dn\u011b n\u00e1s n\u00e1klady na cvi\u010den\u00ed a pom\u016fcky vyjdou p\u0159ibli\u017en\u011b na 200 \u2013 400 tis\u00edc. Z\u00e1le\u017e\u00ed co je pot\u0159eba mu po\u0159\u00eddit a jak\u00e9 se napl\u00e1nuj\u00ed rehabilita\u010dn\u00ed pobyty.<\/p>\n\n\n\n<p>Pomoct m\u016f\u017eete na pr\u00e1v\u011b prob\u00edhaj\u00edc\u00ed sb\u00edrce <a rel=\"noreferrer noopener\" href=\"https:\/\/www.donio.cz\/PomocProDominicka?fbclid=IwAR34pN3dq_ik3QoNAZjjkNlxFkxOhj1-CR4iIugDvn4sEQ3vQoYYmCwVt1k\" target=\"_blank\">https:\/\/www.donio.cz\/PomocProDominicka<\/a> nebo p\u0159\u00edmo na transparentn\u00ed \u00fa\u010det Dominika. \u010c\u00edslo \u00fa\u010dtu je 123-3487360297\/0100 (Komer\u010dn\u00ed Banka)Variabiln\u00ed symbol: 17 (nezapome\u0148te pros\u00edm tento variabiln\u00ed symbol &#8211; je d\u016fle\u017eit\u00fd)!!<\/p>\n\n\n\n<p>Pod\u011bkov\u00e1n\u00ed pat\u0159\u00ed:<\/p>\n\n\n\n<p>RETAIL OF THE FUTURE <a rel=\"noreferrer noopener\" href=\"https:\/\/www.retail-future.cz\/?fbclid=IwAR33ba7_Vlch3QqjWEkKna1TcpYvBOSnDrWNKdHx-rMJUKMMAJlG-5b53Tw\" target=\"_blank\">https:\/\/www.retail-future.cz<\/a>)<\/p>\n\n\n\n<p>DONIO (<a rel=\"noreferrer noopener\" href=\"https:\/\/www.donio.cz\/?fbclid=IwAR2tftNy5mcj_BDbYlM8dGY59cwt_LfAgjFpAXv9NSOPLVyWAEcwKy-YAnc\" target=\"_blank\">https:\/\/www.donio.cz<\/a>)<\/p>\n\n\n\n<p>POMPO (<a rel=\"noreferrer noopener\" href=\"https:\/\/pompo.cz\/?fbclid=IwAR2zXFHTu-wbKzF6G7B0cfFetj4thb6TEXNHrY-B6Qud3HPvqfEWs2KFcKw\" target=\"_blank\">https:\/\/pompo.cz<\/a>)<\/p>\n\n\n\n<p>NOV\u00c1 NAD\u011aJE (<a href=\"https:\/\/www.facebook.com\/novanadejeporad\">(2) Nov\u00e1 nad\u011bje | Facebook<\/a> a <a href=\"https:\/\/www.youtube.com\/channel\/UCpYQlc3GRSdwC1Ccud3MaCw\">Nov\u00e1 nad\u011bje &#8211; YouTube<\/a>)<\/p>\n\n\n\n<p><\/p>\n","protected":false},"excerpt":{"rendered":"<p>Pod\u00edvejte se na sedmn\u00e1ct\u00fd d\u00edl po\u0159adu Nov\u00e1 nad\u011bje, kter\u00fd je v\u011bnovan\u00fd Domini\u010dkovi Domini\u010dek, krom\u011b cvi\u010den\u00ed doma, nav\u0161t\u011bvuje pravideln\u011b rehabilitace a terapie kter\u00e9, nehrad\u00ed zdravotn\u00ed poji\u0161\u0165ovny a ob\u010das je pot\u0159eba po\u0159\u00eddit zdravotn\u00ed nebo rehabilita\u010dn\u00ed pom\u016fcky. V roce 2022 n\u00e1s \u010dek\u00e1 14 denn\u00ed rehabilitace v rehabilita\u010dn\u00edm centru Axis v Pie\u0161\u0165anech, kter\u00e1 bude st\u00e1t p\u0159ibli\u017en\u011b 86 000,-. 3\u00d7 n\u00e1s \u010dek\u00e1 t\u00fddenn\u00ed hiporehabilita\u010dn\u00ed pobyt na Mir\u00e1klu, na kter\u00fd jezd\u00edme pravideln\u011b u\u017e t\u0159et\u00edm rokem a neuv\u011b\u0159iteln\u011b mu pom\u00e1h\u00e1. Cena jednoho t\u00fddne je 12 000,-. D\u00e1le n\u00e1s \u010dek\u00e1 pobyt v l\u00e1zn\u00edch v Klimkovic\u00edch, kde dopl\u00e1c\u00edme rehamotion program na 4 t\u00fddny za 22 000,- a logopedii lekci za 600,-. 2\u00d7 t\u00fddn\u011b jezd\u00edme na neurorehabilitace s fyzioterapeutem a 2\u00d7 k tomu je napl\u00e1novan\u00e1 intenzivn\u00ed rehabilitace po 14 dnech, toto je spo\u010d\u00edt\u00e1no na 112 000,-.A dal\u0161\u00ed terapie, kter\u00e9 nav\u0161t\u011bvujeme pravideln\u011b jako kraniosakr\u00e1ln\u00ed terapie, logopedie a dal\u0161\u00ed. D\u00edky tomu se Dom\u010d\u016fv stav st\u00e1le zlep\u0161uje a d\u00e1v\u00e1 mu to \u0161anci jednou se postavit na vlastn\u00ed nohy. Ro\u010dn\u011b n\u00e1s n\u00e1klady na cvi\u010den\u00ed a pom\u016fcky vyjdou p\u0159ibli\u017en\u011b na 200 \u2013 400 tis\u00edc. Z\u00e1le\u017e\u00ed co je pot\u0159eba mu po\u0159\u00eddit a jak\u00e9 se napl\u00e1nuj\u00ed rehabilita\u010dn\u00ed pobyty. Pomoct m\u016f\u017eete na pr\u00e1v\u011b prob\u00edhaj\u00edc\u00ed sb\u00edrce https:\/\/www.donio.cz\/PomocProDominicka nebo p\u0159\u00edmo na transparentn\u00ed \u00fa\u010det Dominika. \u010c\u00edslo \u00fa\u010dtu je 123-3487360297\/0100 (Komer\u010dn\u00ed Banka)Variabiln\u00ed symbol: 17 (nezapome\u0148te pros\u00edm tento variabiln\u00ed symbol &#8211; je d\u016fle\u017eit\u00fd)!! Pod\u011bkov\u00e1n\u00ed pat\u0159\u00ed: RETAIL OF THE FUTURE https:\/\/www.retail-future.cz) DONIO (https:\/\/www.donio.cz) POMPO (https:\/\/pompo.cz) NOV\u00c1 NAD\u011aJE ((2) Nov\u00e1 nad\u011bje | Facebook a Nov\u00e1 nad\u011bje &#8211; YouTube)<\/p>\n","protected":false},"author":1,"featured_media":504,"comment_status":"closed","ping_status":"closed","sticky":false,"template":"","format":"standard","meta":[],"categories":[1],"tags":[],"_links":{"self":[{"href":"https:\/\/www.dominikuvpokrok.cz\/index.php\/wp-json\/wp\/v2\/posts\/501"}],"collection":[{"href":"https:\/\/www.dominikuvpokrok.cz\/index.php\/wp-json\/wp\/v2\/posts"}],"about":[{"href":"https:\/\/www.dominikuvpokrok.cz\/index.php\/wp-json\/wp\/v2\/types\/post"}],"author":[{"embeddable":true,"href":"https:\/\/www.dominikuvpokrok.cz\/index.php\/wp-json\/wp\/v2\/users\/1"}],"replies":[{"embeddable":true,"href":"https:\/\/www.dominikuvpokrok.cz\/index.php\/wp-json\/wp\/v2\/comments?post=501"}],"version-history":[{"count":2,"href":"https:\/\/www.dominikuvpokrok.cz\/index.php\/wp-json\/wp\/v2\/posts\/501\/revisions"}],"predecessor-version":[{"id":503,"href":"https:\/\/www.dominikuvpokrok.cz\/index.php\/wp-json\/wp\/v2\/posts\/501\/revisions\/503"}],"wp:featuredmedia":[{"embeddable":true,"href":"https:\/\/www.dominikuvpokrok.cz\/index.php\/wp-json\/wp\/v2\/media\/504"}],"wp:attachment":[{"href":"https:\/\/www.dominikuvpokrok.cz\/index.php\/wp-json\/wp\/v2\/media?parent=501"}],"wp:term":[{"taxonomy":"category","embeddable":true,"href":"https:\/\/www.dominikuvpokrok.cz\/index.php\/wp-json\/wp\/v2\/categories?post=501"},{"taxonomy":"post_tag","embeddable":true,"href":"https:\/\/www.dominikuvpokrok.cz\/index.php\/wp-json\/wp\/v2\/tags?post=501"}],"curies":[{"name":"wp","href":"https:\/\/api.w.org\/{rel}","templated":true}]}}