{"id":453,"date":"2021-12-22T21:53:21","date_gmt":"2021-12-22T21:53:21","guid":{"rendered":"https:\/\/www.dominikuvpokrok.cz\/?p=453"},"modified":"2021-12-22T21:57:57","modified_gmt":"2021-12-22T21:57:57","slug":"sbirka-pro-dominicka","status":"publish","type":"post","link":"https:\/\/www.dominikuvpokrok.cz\/index.php\/2021\/12\/22\/sbirka-pro-dominicka\/","title":{"rendered":"Sb\u00edrka pro Domini\u010dka"},"content":{"rendered":"\n<p>Na <a rel=\"noreferrer noopener\" href=\"https:\/\/www.donio.cz\/PomocProDominicka?fbclid=IwAR1WyIm5PDBu0GRxX0ioa6GxoeeQn3VIqjuwpFVFNxcK-RssQs5EuLz0zQA\" target=\"_blank\">https:\/\/www.donio.cz\/PomocProDominicka<\/a> pr\u00e1v\u011b prob\u00edh\u00e1 sb\u00edrka pro Domini\u010dka na rehabilitace a terapie na p\u0159\u00ed\u0161t\u00ed rok. Na rehabilitace v p\u0159\u00ed\u0161t\u00edm roce bude pot\u0159eba p\u0159ibli\u017en\u011b 230 000 korun. V\u0161e pot\u0159ebn\u00e9 se dozv\u00edte p\u0159\u00edmo na str\u00e1nk\u00e1ch Donio. Kdo by cht\u011bl pomoct, m\u016f\u017ee p\u0159isp\u011bt jakoukoliv \u010d\u00e1stkou. Za ka\u017edou korunu pro Dominika SRDE\u010cN\u011a D\u011aKUJEME!!!<\/p>\n\n\n\n<p>B\u011bhem cel\u00e9ho roku m\u016f\u017eete p\u0159isp\u011bt Domini\u010dkovi i na jeho transparentn\u00ed \u00fa\u010det 123-3487360297\/0100<\/p>\n\n\n\n<p>100% p\u0159\u00edsp\u011bvk\u016f jak ze sb\u00edrky Donio tak i transparentn\u00edho \u00fa\u010dtu je vyu\u017eito p\u0159\u00edmo na rehabilitace a kompenza\u010dn\u00ed pom\u016fcky pro Dominika. Vyu\u017eit\u00ed prost\u0159edk\u016f m\u016f\u017eete sledovat na transparentn\u00edm \u00fa\u010dtu, kter\u00fd je viditeln\u00fd <a href=\"https:\/\/www.kb.cz\/cs\/transparentni-ucty\/123-3487360297\" data-type=\"URL\" data-id=\"https:\/\/www.kb.cz\/cs\/transparentni-ucty\/123-3487360297\" target=\"_blank\" rel=\"noreferrer noopener\">ZDE<\/a><\/p>\n\n\n\n<figure class=\"wp-block-gallery columns-1 is-cropped\"><ul class=\"blocks-gallery-grid\"><li class=\"blocks-gallery-item\"><figure><img loading=\"lazy\" width=\"640\" height=\"480\" src=\"https:\/\/www.dominikuvpokrok.cz\/wp-content\/uploads\/2021\/12\/cd0b2da1-93eb-42e4-ac6d-bf693a3c0517.jpg\" alt=\"\" data-id=\"458\" data-full-url=\"https:\/\/www.dominikuvpokrok.cz\/wp-content\/uploads\/2021\/12\/cd0b2da1-93eb-42e4-ac6d-bf693a3c0517.jpg\" data-link=\"https:\/\/www.dominikuvpokrok.cz\/index.php\/2021\/12\/22\/sbirka-pro-dominicka\/cd0b2da1-93eb-42e4-ac6d-bf693a3c0517\/\" class=\"wp-image-458\" srcset=\"https:\/\/www.dominikuvpokrok.cz\/wp-content\/uploads\/2021\/12\/cd0b2da1-93eb-42e4-ac6d-bf693a3c0517.jpg 640w, https:\/\/www.dominikuvpokrok.cz\/wp-content\/uploads\/2021\/12\/cd0b2da1-93eb-42e4-ac6d-bf693a3c0517-300x225.jpg 300w\" sizes=\"(max-width: 640px) 100vw, 640px\" \/><\/figure><\/li><\/ul><\/figure>\n","protected":false},"excerpt":{"rendered":"<p>Na https:\/\/www.donio.cz\/PomocProDominicka pr\u00e1v\u011b prob\u00edh\u00e1 sb\u00edrka pro Domini\u010dka na rehabilitace a terapie na p\u0159\u00ed\u0161t\u00ed rok. Na rehabilitace v p\u0159\u00ed\u0161t\u00edm roce bude pot\u0159eba p\u0159ibli\u017en\u011b 230 000 korun. V\u0161e pot\u0159ebn\u00e9 se dozv\u00edte p\u0159\u00edmo na str\u00e1nk\u00e1ch Donio. Kdo by cht\u011bl pomoct, m\u016f\u017ee p\u0159isp\u011bt jakoukoliv \u010d\u00e1stkou. Za ka\u017edou korunu pro Dominika SRDE\u010cN\u011a D\u011aKUJEME!!! B\u011bhem cel\u00e9ho roku m\u016f\u017eete p\u0159isp\u011bt Domini\u010dkovi i na jeho transparentn\u00ed \u00fa\u010det 123-3487360297\/0100 100% p\u0159\u00edsp\u011bvk\u016f jak ze sb\u00edrky Donio tak i transparentn\u00edho \u00fa\u010dtu je vyu\u017eito p\u0159\u00edmo na rehabilitace a kompenza\u010dn\u00ed pom\u016fcky pro Dominika. Vyu\u017eit\u00ed prost\u0159edk\u016f m\u016f\u017eete sledovat na transparentn\u00edm \u00fa\u010dtu, kter\u00fd je viditeln\u00fd ZDE<\/p>\n","protected":false},"author":1,"featured_media":455,"comment_status":"closed","ping_status":"closed","sticky":false,"template":"","format":"standard","meta":[],"categories":[1],"tags":[],"_links":{"self":[{"href":"https:\/\/www.dominikuvpokrok.cz\/index.php\/wp-json\/wp\/v2\/posts\/453"}],"collection":[{"href":"https:\/\/www.dominikuvpokrok.cz\/index.php\/wp-json\/wp\/v2\/posts"}],"about":[{"href":"https:\/\/www.dominikuvpokrok.cz\/index.php\/wp-json\/wp\/v2\/types\/post"}],"author":[{"embeddable":true,"href":"https:\/\/www.dominikuvpokrok.cz\/index.php\/wp-json\/wp\/v2\/users\/1"}],"replies":[{"embeddable":true,"href":"https:\/\/www.dominikuvpokrok.cz\/index.php\/wp-json\/wp\/v2\/comments?post=453"}],"version-history":[{"count":3,"href":"https:\/\/www.dominikuvpokrok.cz\/index.php\/wp-json\/wp\/v2\/posts\/453\/revisions"}],"predecessor-version":[{"id":459,"href":"https:\/\/www.dominikuvpokrok.cz\/index.php\/wp-json\/wp\/v2\/posts\/453\/revisions\/459"}],"wp:featuredmedia":[{"embeddable":true,"href":"https:\/\/www.dominikuvpokrok.cz\/index.php\/wp-json\/wp\/v2\/media\/455"}],"wp:attachment":[{"href":"https:\/\/www.dominikuvpokrok.cz\/index.php\/wp-json\/wp\/v2\/media?parent=453"}],"wp:term":[{"taxonomy":"category","embeddable":true,"href":"https:\/\/www.dominikuvpokrok.cz\/index.php\/wp-json\/wp\/v2\/categories?post=453"},{"taxonomy":"post_tag","embeddable":true,"href":"https:\/\/www.dominikuvpokrok.cz\/index.php\/wp-json\/wp\/v2\/tags?post=453"}],"curies":[{"name":"wp","href":"https:\/\/api.w.org\/{rel}","templated":true}]}}