{"id":344,"date":"2021-05-13T20:23:04","date_gmt":"2021-05-13T20:23:04","guid":{"rendered":"https:\/\/www.dominikuvpokrok.cz\/?p=344"},"modified":"2021-05-13T20:23:06","modified_gmt":"2021-05-13T20:23:06","slug":"dominicek-ma-novy-vozicek-doma","status":"publish","type":"post","link":"https:\/\/www.dominikuvpokrok.cz\/index.php\/2021\/05\/13\/dominicek-ma-novy-vozicek-doma\/","title":{"rendered":"Domini\u010dek m\u00e1 nov\u00fd voz\u00ed\u010dek doma"},"content":{"rendered":"\n<figure class=\"wp-block-image size-large is-resized\"><img loading=\"lazy\" src=\"https:\/\/www.dominikuvpokrok.cz\/wp-content\/uploads\/2021\/05\/IMG_20210513_182823-768x1024.jpg\" alt=\"\" class=\"wp-image-345\" width=\"338\" height=\"451\" srcset=\"https:\/\/www.dominikuvpokrok.cz\/wp-content\/uploads\/2021\/05\/IMG_20210513_182823-768x1024.jpg 768w, https:\/\/www.dominikuvpokrok.cz\/wp-content\/uploads\/2021\/05\/IMG_20210513_182823-225x300.jpg 225w, https:\/\/www.dominikuvpokrok.cz\/wp-content\/uploads\/2021\/05\/IMG_20210513_182823-1152x1536.jpg 1152w, https:\/\/www.dominikuvpokrok.cz\/wp-content\/uploads\/2021\/05\/IMG_20210513_182823-1536x2048.jpg 1536w, https:\/\/www.dominikuvpokrok.cz\/wp-content\/uploads\/2021\/05\/IMG_20210513_182823-scaled.jpg 1920w\" sizes=\"(max-width: 338px) 100vw, 338px\" \/><\/figure>\n\n\n\n<p>Tak jsme se do\u010dkali a Domini\u010dek m\u00e1 sv\u016fj nov\u00fd invalidn\u00ed voz\u00ed\u010dek doma. Je z n\u011bj naprosto nad\u0161en\u00fd a u\u017e se t\u011b\u0161\u00edme, jak jej po\u0159\u00e1dn\u011b vyzkou\u0161\u00edme. Dom\u010da voz\u00edk testoval doma hned prvn\u00ed den a moc hezky mu to \u0161lo. V\u011b\u0159\u00edm, \u017ee to pro n\u011bj bude \u00fa\u017easn\u00e1 motivace a taky rehabilitace jeho rukou. Voz\u00ed\u010dek n\u00e1m obrovsky usnadn\u00ed pohyb a cestov\u00e1n\u00ed. V\u0161em v\u00e1m  z cel\u00e9ho srdce d\u011bkujeme. D\u00edky va\u0161\u00ed pomoci jsme mu mohli tento voz\u00edk po\u0159\u00eddit. <\/p>\n\n\n\n<p>Moc si toho v\u00e1\u017e\u00edme <\/p>\n","protected":false},"excerpt":{"rendered":"<p>Tak jsme se do\u010dkali a Domini\u010dek m\u00e1 sv\u016fj nov\u00fd invalidn\u00ed voz\u00ed\u010dek doma. Je z n\u011bj naprosto nad\u0161en\u00fd a u\u017e se t\u011b\u0161\u00edme, jak jej po\u0159\u00e1dn\u011b vyzkou\u0161\u00edme. Dom\u010da voz\u00edk testoval doma hned prvn\u00ed den a moc hezky mu to \u0161lo. V\u011b\u0159\u00edm, \u017ee to pro n\u011bj bude \u00fa\u017easn\u00e1 motivace a taky rehabilitace jeho rukou. Voz\u00ed\u010dek n\u00e1m obrovsky usnadn\u00ed pohyb a cestov\u00e1n\u00ed. V\u0161em v\u00e1m z cel\u00e9ho srdce d\u011bkujeme. D\u00edky va\u0161\u00ed pomoci jsme mu mohli tento voz\u00edk po\u0159\u00eddit. Moc si toho v\u00e1\u017e\u00edme<\/p>\n","protected":false},"author":1,"featured_media":345,"comment_status":"closed","ping_status":"closed","sticky":false,"template":"","format":"standard","meta":[],"categories":[1],"tags":[],"_links":{"self":[{"href":"https:\/\/www.dominikuvpokrok.cz\/index.php\/wp-json\/wp\/v2\/posts\/344"}],"collection":[{"href":"https:\/\/www.dominikuvpokrok.cz\/index.php\/wp-json\/wp\/v2\/posts"}],"about":[{"href":"https:\/\/www.dominikuvpokrok.cz\/index.php\/wp-json\/wp\/v2\/types\/post"}],"author":[{"embeddable":true,"href":"https:\/\/www.dominikuvpokrok.cz\/index.php\/wp-json\/wp\/v2\/users\/1"}],"replies":[{"embeddable":true,"href":"https:\/\/www.dominikuvpokrok.cz\/index.php\/wp-json\/wp\/v2\/comments?post=344"}],"version-history":[{"count":1,"href":"https:\/\/www.dominikuvpokrok.cz\/index.php\/wp-json\/wp\/v2\/posts\/344\/revisions"}],"predecessor-version":[{"id":346,"href":"https:\/\/www.dominikuvpokrok.cz\/index.php\/wp-json\/wp\/v2\/posts\/344\/revisions\/346"}],"wp:featuredmedia":[{"embeddable":true,"href":"https:\/\/www.dominikuvpokrok.cz\/index.php\/wp-json\/wp\/v2\/media\/345"}],"wp:attachment":[{"href":"https:\/\/www.dominikuvpokrok.cz\/index.php\/wp-json\/wp\/v2\/media?parent=344"}],"wp:term":[{"taxonomy":"category","embeddable":true,"href":"https:\/\/www.dominikuvpokrok.cz\/index.php\/wp-json\/wp\/v2\/categories?post=344"},{"taxonomy":"post_tag","embeddable":true,"href":"https:\/\/www.dominikuvpokrok.cz\/index.php\/wp-json\/wp\/v2\/tags?post=344"}],"curies":[{"name":"wp","href":"https:\/\/api.w.org\/{rel}","templated":true}]}}