{"id":301,"date":"2021-03-03T19:01:52","date_gmt":"2021-03-03T19:01:52","guid":{"rendered":"http:\/\/www.dominikuvpokrok.cz\/?p=301"},"modified":"2021-03-03T19:01:54","modified_gmt":"2021-03-03T19:01:54","slug":"bude-novy-vozicek","status":"publish","type":"post","link":"https:\/\/www.dominikuvpokrok.cz\/index.php\/2021\/03\/03\/bude-novy-vozicek\/","title":{"rendered":"Bude nov\u00fd voz\u00ed\u010dek?"},"content":{"rendered":"\n<p>Tento \u00fa\u017easn\u00fd voz\u00ed\u010dek, kter\u00fd jsme pro Dom\u010du vybrali jako nejvhodn\u011bj\u0161\u00ed n\u00e1m bohu\u017eel opakovan\u011b poji\u0161\u0165ovna zam\u00edtla. Prozat\u00edm se n\u00e1m \u017e\u00e1dn\u00fd jin\u00fd podobn\u00fd, kter\u00fd by vyhovoval a schv\u00e1lila jej poji\u0161\u0165ovna, nepoda\u0159ilo naj\u00edt. Dom\u010da si voz\u00ed\u010dek s\u00e1m vyzkou\u0161el kdy\u017e n\u00e1s nav\u0161t\u00edvil p\u00e1n z firmy Medicco a hned se sn\u00edm s\u017eil, jako by ho m\u011bl odjak\u017eiva, viz foto.  Proto jsme se rozhodli na tento voz\u00ed\u010dek sehnat pen\u00edze sami. Jeho po\u0159izovac\u00ed cena je ale cca 62 000,- , ur\u010dit\u011b to nebude jednoduch\u00fd \u00fakol.<\/p>\n\n\n\n<figure class=\"wp-block-image size-large\"><img loading=\"lazy\" width=\"768\" height=\"1024\" src=\"https:\/\/www.dominikuvpokrok.cz\/wp-content\/uploads\/2021\/03\/IMG-2ab145eb53e0acaa4cfde45ac40597fd-V-768x1024.jpg\" alt=\"\" class=\"wp-image-302\" srcset=\"https:\/\/www.dominikuvpokrok.cz\/wp-content\/uploads\/2021\/03\/IMG-2ab145eb53e0acaa4cfde45ac40597fd-V-768x1024.jpg 768w, https:\/\/www.dominikuvpokrok.cz\/wp-content\/uploads\/2021\/03\/IMG-2ab145eb53e0acaa4cfde45ac40597fd-V-225x300.jpg 225w, https:\/\/www.dominikuvpokrok.cz\/wp-content\/uploads\/2021\/03\/IMG-2ab145eb53e0acaa4cfde45ac40597fd-V-1152x1536.jpg 1152w, https:\/\/www.dominikuvpokrok.cz\/wp-content\/uploads\/2021\/03\/IMG-2ab145eb53e0acaa4cfde45ac40597fd-V.jpg 1200w\" sizes=\"(max-width: 768px) 100vw, 768px\" \/><\/figure>\n","protected":false},"excerpt":{"rendered":"<p>Tento \u00fa\u017easn\u00fd voz\u00ed\u010dek, kter\u00fd jsme pro Dom\u010du vybrali jako nejvhodn\u011bj\u0161\u00ed n\u00e1m bohu\u017eel opakovan\u011b poji\u0161\u0165ovna zam\u00edtla. Prozat\u00edm se n\u00e1m \u017e\u00e1dn\u00fd jin\u00fd podobn\u00fd, kter\u00fd by vyhovoval a schv\u00e1lila jej poji\u0161\u0165ovna, nepoda\u0159ilo naj\u00edt. Dom\u010da si voz\u00ed\u010dek s\u00e1m vyzkou\u0161el kdy\u017e n\u00e1s nav\u0161t\u00edvil p\u00e1n z firmy Medicco a hned se sn\u00edm s\u017eil, jako by ho m\u011bl odjak\u017eiva, viz foto. Proto jsme se rozhodli na tento voz\u00ed\u010dek sehnat pen\u00edze sami. Jeho po\u0159izovac\u00ed cena je ale cca 62 000,- , ur\u010dit\u011b to nebude jednoduch\u00fd \u00fakol.<\/p>\n","protected":false},"author":1,"featured_media":302,"comment_status":"closed","ping_status":"closed","sticky":false,"template":"","format":"standard","meta":[],"categories":[1],"tags":[],"_links":{"self":[{"href":"https:\/\/www.dominikuvpokrok.cz\/index.php\/wp-json\/wp\/v2\/posts\/301"}],"collection":[{"href":"https:\/\/www.dominikuvpokrok.cz\/index.php\/wp-json\/wp\/v2\/posts"}],"about":[{"href":"https:\/\/www.dominikuvpokrok.cz\/index.php\/wp-json\/wp\/v2\/types\/post"}],"author":[{"embeddable":true,"href":"https:\/\/www.dominikuvpokrok.cz\/index.php\/wp-json\/wp\/v2\/users\/1"}],"replies":[{"embeddable":true,"href":"https:\/\/www.dominikuvpokrok.cz\/index.php\/wp-json\/wp\/v2\/comments?post=301"}],"version-history":[{"count":1,"href":"https:\/\/www.dominikuvpokrok.cz\/index.php\/wp-json\/wp\/v2\/posts\/301\/revisions"}],"predecessor-version":[{"id":303,"href":"https:\/\/www.dominikuvpokrok.cz\/index.php\/wp-json\/wp\/v2\/posts\/301\/revisions\/303"}],"wp:featuredmedia":[{"embeddable":true,"href":"https:\/\/www.dominikuvpokrok.cz\/index.php\/wp-json\/wp\/v2\/media\/302"}],"wp:attachment":[{"href":"https:\/\/www.dominikuvpokrok.cz\/index.php\/wp-json\/wp\/v2\/media?parent=301"}],"wp:term":[{"taxonomy":"category","embeddable":true,"href":"https:\/\/www.dominikuvpokrok.cz\/index.php\/wp-json\/wp\/v2\/categories?post=301"},{"taxonomy":"post_tag","embeddable":true,"href":"https:\/\/www.dominikuvpokrok.cz\/index.php\/wp-json\/wp\/v2\/tags?post=301"}],"curies":[{"name":"wp","href":"https:\/\/api.w.org\/{rel}","templated":true}]}}